{"id":1129,"date":"2024-05-20T23:58:58","date_gmt":"2024-05-20T23:58:58","guid":{"rendered":"https:\/\/ciudadessinborde.casadelasestrategias.com\/?p=1129"},"modified":"2024-05-21T00:33:18","modified_gmt":"2024-05-21T00:33:18","slug":"rituales-de-cafe-para-sentir-a-mama","status":"publish","type":"post","link":"https:\/\/ciudadessinborde.casadelasestrategias.com\/index.php\/2024\/05\/20\/rituales-de-cafe-para-sentir-a-mama\/","title":{"rendered":"Rituales de caf\u00e9 para sentir a mam\u00e1"},"content":{"rendered":"\n<h2 class=\"wp-block-heading\">Teresita de Caridad Quintero<\/h2>\n\n\n\n<figure class=\"wp-block-image size-large is-resized\"><img loading=\"lazy\" decoding=\"async\" width=\"1024\" height=\"210\" src=\"https:\/\/ciudadessinborde.casadelasestrategias.com\/wp-content\/uploads\/2024\/05\/Cua-1024x210.png\" alt=\"\" class=\"wp-image-1117\" style=\"width:326px;height:auto\" srcset=\"https:\/\/ciudadessinborde.casadelasestrategias.com\/wp-content\/uploads\/2024\/05\/Cua-980x201.png 980w, https:\/\/ciudadessinborde.casadelasestrategias.com\/wp-content\/uploads\/2024\/05\/Cua-480x99.png 480w\" sizes=\"(min-width: 0px) and (max-width: 480px) 480px, (min-width: 481px) and (max-width: 980px) 980px, (min-width: 981px) 1024px, 100vw\" \/><\/figure>\n\n\n\n<p>As\u00ed lo vive todos los d\u00edas Teresita de Caridad cuando comienza el d\u00eda para evocar las conversaciones que en alg\u00fan momento tomaron sentido, y que pasaron a la memoria porque su madre cerr\u00f3 su ciclo de vida.<\/p>\n\n\n\n<p>El colador de caf\u00e9 de Teresita es el protagonista de esta historia al simbolizar una uni\u00f3n que se pact\u00f3 con su madre aquel 2018 en el centro de Charallave, un municipio cercano a C\u00faa (Estado Miranda) donde ellas eran vecinas y que incontables veces compartieron el caf\u00e9. Lleg\u00f3 el 2019 y Teresita decidi\u00f3 salir con su esposo y dos hijos hacia Valledupar (Cesar) en la b\u00fasqueda de un buen porvenir, y en especial no interrumpirles el derecho a estudiar. En el equipaje, Teresita llev\u00f3 aquel colador de caf\u00e9 porque su madre le aconsej\u00f3 empacarlo y reforzaba dici\u00e9ndole que a lo mejor no iba a encontrar otro igual. En la tierra vallenata le era dif\u00edcil preparar el caf\u00e9 estando sola, Quintero extra\u00f1aba entre el silencio y el llanto las conversaciones de mam\u00e1 que se armonizaban con el olor a tostado y los sorbos que permit\u00edan aliviaban el alma.<\/p>\n\n\n\n<p>Por fortuna la historia cambia cuando la familia decide viajar a Medell\u00edn con el anhelo de estabilizar sus vidas, y el ritual del caf\u00e9 toma m\u00e1s cuerpo. Cuenta Teresita que, las llamadas que intentaban acortar la distancia con su madre serv\u00edan de desahogo, pero no eran suficiente para revivir aquella preparaci\u00f3n de caf\u00e9, tanto as\u00ed que pudo convencerla para que viajara a Medell\u00edn y retomaran las conversaciones presenciales, amorosas, que fueron interrumpidas por el tr\u00e1nsito migratorio. Lastimosamente la luz de su madre se apaga en el a\u00f1o 2023. En el duelo, Teresita borr\u00f3 su miedo que le imped\u00eda tomar tinto a solas, se transform\u00f3 en memoria con la espera amorosa de mezclar el agua caliente con el caf\u00e9 molido y de sentir la energ\u00eda de su madre con cada sorbo que la acompa\u00f1a y la tranquiliza cada ma\u00f1ana.<\/p>\n","protected":false},"excerpt":{"rendered":"<p>Teresita de Caridad Quintero As\u00ed lo vive todos los d\u00edas Teresita de Caridad cuando comienza el d\u00eda para evocar las conversaciones que en alg\u00fan momento tomaron sentido, y que pasaron a la memoria porque su madre cerr\u00f3 su ciclo de vida. El colador de caf\u00e9 de Teresita es el protagonista de esta historia al simbolizar [&hellip;]<\/p>\n","protected":false},"author":1,"featured_media":0,"comment_status":"open","ping_status":"open","sticky":false,"template":"","format":"standard","meta":{"_et_pb_use_builder":"off","_et_pb_old_content":"","_et_gb_content_width":"","footnotes":""},"categories":[6],"tags":[],"class_list":["post-1129","post","type-post","status-publish","format-standard","hentry","category-mujeres"],"_links":{"self":[{"href":"https:\/\/ciudadessinborde.casadelasestrategias.com\/index.php\/wp-json\/wp\/v2\/posts\/1129","targetHints":{"allow":["GET"]}}],"collection":[{"href":"https:\/\/ciudadessinborde.casadelasestrategias.com\/index.php\/wp-json\/wp\/v2\/posts"}],"about":[{"href":"https:\/\/ciudadessinborde.casadelasestrategias.com\/index.php\/wp-json\/wp\/v2\/types\/post"}],"author":[{"embeddable":true,"href":"https:\/\/ciudadessinborde.casadelasestrategias.com\/index.php\/wp-json\/wp\/v2\/users\/1"}],"replies":[{"embeddable":true,"href":"https:\/\/ciudadessinborde.casadelasestrategias.com\/index.php\/wp-json\/wp\/v2\/comments?post=1129"}],"version-history":[{"count":2,"href":"https:\/\/ciudadessinborde.casadelasestrategias.com\/index.php\/wp-json\/wp\/v2\/posts\/1129\/revisions"}],"predecessor-version":[{"id":1208,"href":"https:\/\/ciudadessinborde.casadelasestrategias.com\/index.php\/wp-json\/wp\/v2\/posts\/1129\/revisions\/1208"}],"wp:attachment":[{"href":"https:\/\/ciudadessinborde.casadelasestrategias.com\/index.php\/wp-json\/wp\/v2\/media?parent=1129"}],"wp:term":[{"taxonomy":"category","embeddable":true,"href":"https:\/\/ciudadessinborde.casadelasestrategias.com\/index.php\/wp-json\/wp\/v2\/categories?post=1129"},{"taxonomy":"post_tag","embeddable":true,"href":"https:\/\/ciudadessinborde.casadelasestrategias.com\/index.php\/wp-json\/wp\/v2\/tags?post=1129"}],"curies":[{"name":"wp","href":"https:\/\/api.w.org\/{rel}","templated":true}]}}