{"id":1125,"date":"2024-05-20T23:53:45","date_gmt":"2024-05-20T23:53:45","guid":{"rendered":"https:\/\/ciudadessinborde.casadelasestrategias.com\/?p=1125"},"modified":"2024-05-21T00:31:30","modified_gmt":"2024-05-21T00:31:30","slug":"un-acompanante-de-vida","status":"publish","type":"post","link":"https:\/\/ciudadessinborde.casadelasestrategias.com\/index.php\/2024\/05\/20\/un-acompanante-de-vida\/","title":{"rendered":"Un acompa\u00f1ante de vida"},"content":{"rendered":"\n<h2 class=\"wp-block-heading\">B\u00e1rbara Victoria Bello Cruz<\/h2>\n\n\n\n<figure class=\"wp-block-image size-large is-resized\"><img loading=\"lazy\" decoding=\"async\" width=\"1024\" height=\"210\" src=\"https:\/\/ciudadessinborde.casadelasestrategias.com\/wp-content\/uploads\/2024\/05\/CiudadOjeda-1024x210.png\" alt=\"\" class=\"wp-image-1121\" style=\"width:301px;height:auto\" srcset=\"https:\/\/ciudadessinborde.casadelasestrategias.com\/wp-content\/uploads\/2024\/05\/CiudadOjeda-980x201.png 980w, https:\/\/ciudadessinborde.casadelasestrategias.com\/wp-content\/uploads\/2024\/05\/CiudadOjeda-480x99.png 480w\" sizes=\"(min-width: 0px) and (max-width: 480px) 480px, (min-width: 481px) and (max-width: 980px) 980px, (min-width: 981px) 1024px, 100vw\" \/><\/figure>\n\n\n\n<p>Este secador, aunque com\u00fan en su funci\u00f3n, se convirti\u00f3 para B\u00e1rbara Victoria en su herramienta de supervivencia y progreso en momentos dif\u00edciles. Con m\u00e1s de 20 a\u00f1os como estilista integral, B\u00e1rbara inici\u00f3 su carrera trabajando con secadores. A trav\u00e9s de su objeto, pudo mantenerse econ\u00f3micamente en Venezuela y costear sus estudios en Administraci\u00f3n de Empresas e Inform\u00e1tica en la Universidad Nacional Experimental Rafael Mar\u00eda Baralt, en Ciudad Ojeda. <\/p>\n\n\n\n<p>Su secador de cabello no solo le permiti\u00f3 alcanzar su profesi\u00f3n, tambi\u00e9n se convirti\u00f3 en un s\u00edmbolo de identidad y arraigo como lo cuenta: \u201cla estilista de la familia\u201d. B\u00e1rbara representaba mucho m\u00e1s que una habilidad t\u00e9cnica; era el apoyo emocional y la confianza de sus seres queridos. Cuando lleg\u00f3 la hora de partir de Ciudad Ojeda aquel a\u00f1o 2017, este objeto se convirti\u00f3 en su pasaporte hacia Medelll\u00edn, como si se tratara de un futuro no tan incierto. <\/p>\n\n\n\n<p>En su traves\u00eda, el secador de B\u00e1rbara no solo fue una herramienta de trabajo, sino tambi\u00e9n un b\u00e1lsamo para el duelo migratorio. Su llegada a Medell\u00edn se traz\u00f3 porque guardaba un encargo de su comadre, pues se hab\u00eda comprometido en el cuidado de sus tres ahijadas; y su principal apoyo fue el secador, se convirti\u00f3 en su tabla de salvaci\u00f3n. A los tres meses encontr\u00f3 trabajo en una peluquer\u00eda cercana al barrio Enciso y forj\u00f3 nuevas amistades que perduran hasta el d\u00eda de hoy. <\/p>\n\n\n\n<p>A pesar de haber dejado atr\u00e1s su carrera de estilista en Medell\u00edn, B\u00e1rbara encontr\u00f3 nuevas oportunidades laborales como modelo webcam. Su ingenio y habilidades como bailarina, le permiti\u00f3 adaptase a los desaf\u00edos de su nueva vida, demostrando una vez m\u00e1s su resiliencia y determinaci\u00f3n. La historia de B\u00e1rbara y su secador de cabello es un recordatorio de la importancia de la inclusi\u00f3n y el apoyo mutuo en las personas migrantes. Su experiencia resalta la capacidad de adaptaci\u00f3n y el potencial de contribuci\u00f3n de aquellos que, como ella, buscan construir un futuro mejor lejos de casa.<\/p>\n","protected":false},"excerpt":{"rendered":"<p>B\u00e1rbara Victoria Bello Cruz Este secador, aunque com\u00fan en su funci\u00f3n, se convirti\u00f3 para B\u00e1rbara Victoria en su herramienta de supervivencia y progreso en momentos dif\u00edciles. Con m\u00e1s de 20 a\u00f1os como estilista integral, B\u00e1rbara inici\u00f3 su carrera trabajando con secadores. A trav\u00e9s de su objeto, pudo mantenerse econ\u00f3micamente en Venezuela y costear sus estudios [&hellip;]<\/p>\n","protected":false},"author":1,"featured_media":0,"comment_status":"open","ping_status":"open","sticky":false,"template":"","format":"standard","meta":{"_et_pb_use_builder":"off","_et_pb_old_content":"","_et_gb_content_width":"","footnotes":""},"categories":[9],"tags":[],"class_list":["post-1125","post","type-post","status-publish","format-standard","hentry","category-diversidades"],"_links":{"self":[{"href":"https:\/\/ciudadessinborde.casadelasestrategias.com\/index.php\/wp-json\/wp\/v2\/posts\/1125","targetHints":{"allow":["GET"]}}],"collection":[{"href":"https:\/\/ciudadessinborde.casadelasestrategias.com\/index.php\/wp-json\/wp\/v2\/posts"}],"about":[{"href":"https:\/\/ciudadessinborde.casadelasestrategias.com\/index.php\/wp-json\/wp\/v2\/types\/post"}],"author":[{"embeddable":true,"href":"https:\/\/ciudadessinborde.casadelasestrategias.com\/index.php\/wp-json\/wp\/v2\/users\/1"}],"replies":[{"embeddable":true,"href":"https:\/\/ciudadessinborde.casadelasestrategias.com\/index.php\/wp-json\/wp\/v2\/comments?post=1125"}],"version-history":[{"count":2,"href":"https:\/\/ciudadessinborde.casadelasestrategias.com\/index.php\/wp-json\/wp\/v2\/posts\/1125\/revisions"}],"predecessor-version":[{"id":1206,"href":"https:\/\/ciudadessinborde.casadelasestrategias.com\/index.php\/wp-json\/wp\/v2\/posts\/1125\/revisions\/1206"}],"wp:attachment":[{"href":"https:\/\/ciudadessinborde.casadelasestrategias.com\/index.php\/wp-json\/wp\/v2\/media?parent=1125"}],"wp:term":[{"taxonomy":"category","embeddable":true,"href":"https:\/\/ciudadessinborde.casadelasestrategias.com\/index.php\/wp-json\/wp\/v2\/categories?post=1125"},{"taxonomy":"post_tag","embeddable":true,"href":"https:\/\/ciudadessinborde.casadelasestrategias.com\/index.php\/wp-json\/wp\/v2\/tags?post=1125"}],"curies":[{"name":"wp","href":"https:\/\/api.w.org\/{rel}","templated":true}]}}